{"id":1352326,"date":"2026-04-26T11:45:04","date_gmt":"2026-04-26T18:45:04","guid":{"rendered":"https:\/\/elboton.com\/?p=1352326"},"modified":"2026-04-26T11:45:04","modified_gmt":"2026-04-26T18:45:04","slug":"inflacion-y-politicas-migratorias-nuevo-episodio-de-politics-con-acento","status":"publish","type":"post","link":"https:\/\/elboton.com\/los-angeles\/entretenimiento\/inflacion-y-politicas-migratorias-nuevo-episodio-de-politics-con-acento\/","title":{"rendered":"Inflaci\u00f3n y pol\u00edticas migratorias, Nuevo episodio de Politics con acento"},"content":{"rendered":"<p>En este episodio de Politics con Acento te mostramos c\u00f3mo los grandes temas del pa\u00eds impactan directamente en la vida diaria: desde la pol\u00edtica en Washington hasta el costo de vivir, formar una familia y salir adelante en Estados Unidos.<\/p>\n<p>Analizamos los esc\u00e1ndalos en el Congreso, la guerra en Ucrania, el debate migratorio y nuevas leyes que generan preocupaci\u00f3n, as\u00ed como la presi\u00f3n econ\u00f3mica que enfrenta la clase media con el aumento en el costo de vida, el impuesto a las remesas y el alto costo de criar un hijo en EE.UU.<\/p>\n<p>Adem\u00e1s, una entrevista clave sobre pol\u00edtica migratoria y un cierre con cultura y entretenimiento que conecta con la comunidad latina.<\/p>\n<p><iframe loading=\"lazy\" title=\"$300,000 USD por hijo: el alto costo de vivir en EE.UU | Politics con Acento | 26 de Abril 2026\" width=\"500\" height=\"281\" src=\"https:\/\/www.youtube.com\/embed\/LQsOTc5wXzg?feature=oembed\" frameborder=\"0\" allow=\"accelerometer; autoplay; clipboard-write; encrypted-media; gyroscope; picture-in-picture; web-share\" referrerpolicy=\"strict-origin-when-cross-origin\" allowfullscreen><\/iframe><\/p>\n","protected":false},"excerpt":{"rendered":"<p>En este episodio de Politics con Acento te mostramos c\u00f3mo los grandes temas del pa\u00eds impactan directamente en la vida diaria: desde la pol\u00edtica en Washington hasta el costo de vivir, formar una familia y salir adelante en Estados Unidos. Analizamos los esc\u00e1ndalos en el Congreso, la guerra en Ucrania, el debate migratorio y nuevas [&hellip;]<\/p>\n","protected":false},"author":195803851,"featured_media":1352327,"comment_status":"closed","ping_status":"open","sticky":false,"template":"","format":"standard","meta":{"_jetpack_memberships_contains_paid_content":false,"footnotes":"","jetpack_publicize_message":"","jetpack_publicize_feature_enabled":true,"jetpack_social_post_already_shared":false,"jetpack_social_options":{"image_generator_settings":{"template":"highway","default_image_id":0,"font":"","enabled":false},"version":2},"_wpas_customize_per_network":false},"categories":[691],"tags":[],"genre":[],"internal":[],"class_list":["post-1352326","post","type-post","status-publish","format-standard","has-post-thumbnail","hentry","category-entretenimiento","market-global"],"yoast_head":"<!-- This site is optimized with the Yoast SEO plugin v24.4 - https:\/\/yoast.com\/wordpress\/plugins\/seo\/ -->\n<title>Inflaci\u00f3n y pol\u00edticas migratorias, Nuevo episodio de Politics con acento - El Bot\u00f3n<\/title>\n<meta name=\"robots\" content=\"index, follow, max-snippet:-1, max-image-preview:large, max-video-preview:-1\" \/>\n<link rel=\"canonical\" href=\"https:\/\/elboton.com\/entretenimiento\/inflacion-y-politicas-migratorias-nuevo-episodio-de-politics-con-acento\/\" \/>\n<meta property=\"og:locale\" content=\"es_ES\" \/>\n<meta property=\"og:type\" content=\"article\" \/>\n<meta property=\"og:title\" content=\"Inflaci\u00f3n y pol\u00edticas migratorias, Nuevo episodio de Politics con acento - El Bot\u00f3n\" \/>\n<meta property=\"og:description\" content=\"En este episodio de Politics con Acento te mostramos c\u00f3mo los grandes temas del pa\u00eds impactan directamente en la vida diaria: desde la pol\u00edtica en Washington hasta el costo de vivir, formar una familia y salir adelante en Estados Unidos. Analizamos los esc\u00e1ndalos en el Congreso, la guerra en Ucrania, el debate migratorio y nuevas [&hellip;]\" \/>\n<meta property=\"og:url\" content=\"https:\/\/elboton.com\/entretenimiento\/inflacion-y-politicas-migratorias-nuevo-episodio-de-politics-con-acento\/\" \/>\n<meta property=\"og:site_name\" content=\"El Bot\u00f3n\" \/>\n<meta property=\"article:publisher\" content=\"https:\/\/www.facebook.com\/elbotonradio\/\" \/>\n<meta property=\"article:published_time\" content=\"2026-04-26T18:45:04+00:00\" \/>\n<meta property=\"og:image\" content=\"https:\/\/elboton.com\/wp-content\/uploads\/sites\/6\/2023\/10\/SEO-Image-1200x675-1.png\" \/>\n\t<meta property=\"og:image:width\" content=\"1200\" \/>\n\t<meta property=\"og:image:height\" content=\"675\" \/>\n\t<meta property=\"og:image:type\" content=\"image\/png\" \/>\n<meta name=\"author\" content=\"Eduardo Salinas\" \/>\n<meta name=\"twitter:card\" content=\"summary_large_image\" \/>\n<meta name=\"twitter:creator\" content=\"@elbotonradio\" \/>\n<meta name=\"twitter:site\" content=\"@elbotonradio\" \/>\n<meta name=\"twitter:label1\" content=\"Written by\" \/>\n\t<meta name=\"twitter:data1\" content=\"Eduardo Salinas\" \/>\n\t<meta name=\"twitter:label2\" content=\"Est. reading time\" \/>\n\t<meta name=\"twitter:data2\" content=\"1 minuto\" \/>\n<script type=\"application\/ld+json\" class=\"yoast-schema-graph\">{\"@context\":\"https:\/\/schema.org\",\"@graph\":[{\"@type\":\"Article\",\"@id\":\"https:\/\/elboton.com\/entretenimiento\/inflacion-y-politicas-migratorias-nuevo-episodio-de-politics-con-acento\/#article\",\"isPartOf\":{\"@id\":\"https:\/\/elboton.com\/entretenimiento\/inflacion-y-politicas-migratorias-nuevo-episodio-de-politics-con-acento\/\"},\"author\":{\"name\":\"Eduardo Salinas\",\"@id\":\"https:\/\/elboton.com\/los-angeles\/#\/schema\/person\/4465cb4584b40dfc04e6d5f1eb9805c0\"},\"headline\":\"Inflaci\u00f3n y pol\u00edticas migratorias, Nuevo episodio de Politics con acento\",\"datePublished\":\"2026-04-26T18:45:04+00:00\",\"mainEntityOfPage\":{\"@id\":\"https:\/\/elboton.com\/entretenimiento\/inflacion-y-politicas-migratorias-nuevo-episodio-de-politics-con-acento\/\"},\"wordCount\":142,\"publisher\":{\"@id\":\"https:\/\/elboton.com\/los-angeles\/#organization\"},\"image\":{\"@id\":\"https:\/\/elboton.com\/entretenimiento\/inflacion-y-politicas-migratorias-nuevo-episodio-de-politics-con-acento\/#primaryimage\"},\"thumbnailUrl\":\"https:\/\/elboton.com\/wp-content\/uploads\/sites\/6\/2026\/04\/01_NINOS-DETENIDOS.png\",\"articleSection\":[\"Entretenimiento\"],\"inLanguage\":\"es\"},{\"@type\":\"WebPage\",\"@id\":\"https:\/\/elboton.com\/entretenimiento\/inflacion-y-politicas-migratorias-nuevo-episodio-de-politics-con-acento\/\",\"url\":\"https:\/\/elboton.com\/entretenimiento\/inflacion-y-politicas-migratorias-nuevo-episodio-de-politics-con-acento\/\",\"name\":\"Inflaci\u00f3n y pol\u00edticas migratorias, Nuevo episodio de Politics con acento - El Bot\u00f3n\",\"isPartOf\":{\"@id\":\"https:\/\/elboton.com\/los-angeles\/#website\"},\"primaryImageOfPage\":{\"@id\":\"https:\/\/elboton.com\/entretenimiento\/inflacion-y-politicas-migratorias-nuevo-episodio-de-politics-con-acento\/#primaryimage\"},\"image\":{\"@id\":\"https:\/\/elboton.com\/entretenimiento\/inflacion-y-politicas-migratorias-nuevo-episodio-de-politics-con-acento\/#primaryimage\"},\"thumbnailUrl\":\"https:\/\/elboton.com\/wp-content\/uploads\/sites\/6\/2026\/04\/01_NINOS-DETENIDOS.png\",\"datePublished\":\"2026-04-26T18:45:04+00:00\",\"breadcrumb\":{\"@id\":\"https:\/\/elboton.com\/entretenimiento\/inflacion-y-politicas-migratorias-nuevo-episodio-de-politics-con-acento\/#breadcrumb\"},\"inLanguage\":\"es\",\"potentialAction\":[{\"@type\":\"ReadAction\",\"target\":[\"https:\/\/elboton.com\/entretenimiento\/inflacion-y-politicas-migratorias-nuevo-episodio-de-politics-con-acento\/\"]}]},{\"@type\":\"ImageObject\",\"inLanguage\":\"es\",\"@id\":\"https:\/\/elboton.com\/entretenimiento\/inflacion-y-politicas-migratorias-nuevo-episodio-de-politics-con-acento\/#primaryimage\",\"url\":\"https:\/\/elboton.com\/wp-content\/uploads\/sites\/6\/2026\/04\/01_NINOS-DETENIDOS.png\",\"contentUrl\":\"https:\/\/elboton.com\/wp-content\/uploads\/sites\/6\/2026\/04\/01_NINOS-DETENIDOS.png\",\"width\":1920,\"height\":1080},{\"@type\":\"BreadcrumbList\",\"@id\":\"https:\/\/elboton.com\/entretenimiento\/inflacion-y-politicas-migratorias-nuevo-episodio-de-politics-con-acento\/#breadcrumb\",\"itemListElement\":[{\"@type\":\"ListItem\",\"position\":1,\"name\":\"Home\",\"item\":\"https:\/\/elboton.com\/los-angeles\/\"},{\"@type\":\"ListItem\",\"position\":2,\"name\":\"Inflaci\u00f3n y pol\u00edticas migratorias, Nuevo episodio de Politics con acento\"}]},{\"@type\":\"WebSite\",\"@id\":\"https:\/\/elboton.com\/los-angeles\/#website\",\"url\":\"https:\/\/elboton.com\/los-angeles\/\",\"name\":\"El Bot\u00f3n\",\"description\":\"Toda la m\u00fasica latina y los mejores podcasts en espa\u00f1ol.\",\"publisher\":{\"@id\":\"https:\/\/elboton.com\/los-angeles\/#organization\"},\"potentialAction\":[{\"@type\":\"SearchAction\",\"target\":{\"@type\":\"EntryPoint\",\"urlTemplate\":\"https:\/\/elboton.com\/los-angeles\/?s={search_term_string}\"},\"query-input\":{\"@type\":\"PropertyValueSpecification\",\"valueRequired\":true,\"valueName\":\"search_term_string\"}}],\"inLanguage\":\"es\"},{\"@type\":\"Organization\",\"@id\":\"https:\/\/elboton.com\/los-angeles\/#organization\",\"name\":\"Entravision\",\"url\":\"https:\/\/elboton.com\/los-angeles\/\",\"logo\":{\"@type\":\"ImageObject\",\"inLanguage\":\"es\",\"@id\":\"https:\/\/elboton.com\/los-angeles\/#\/schema\/logo\/image\/\",\"url\":\"https:\/\/elboton.com\/wp-content\/uploads\/sites\/6\/2023\/10\/evc-e.png\",\"contentUrl\":\"https:\/\/elboton.com\/wp-content\/uploads\/sites\/6\/2023\/10\/evc-e.png\",\"width\":255,\"height\":208,\"caption\":\"Entravision\"},\"image\":{\"@id\":\"https:\/\/elboton.com\/los-angeles\/#\/schema\/logo\/image\/\"},\"sameAs\":[\"https:\/\/www.facebook.com\/elbotonradio\/\",\"https:\/\/x.com\/elbotonradio\",\"https:\/\/www.tiktok.com\/@elbotonmusica?lang=es\",\"https:\/\/www.instagram.com\/elbotonradio\/\"]},{\"@type\":\"Person\",\"@id\":\"https:\/\/elboton.com\/los-angeles\/#\/schema\/person\/4465cb4584b40dfc04e6d5f1eb9805c0\",\"name\":\"Eduardo Salinas\",\"image\":{\"@type\":\"ImageObject\",\"inLanguage\":\"es\",\"@id\":\"https:\/\/elboton.com\/los-angeles\/#\/schema\/person\/image\/\",\"url\":\"https:\/\/secure.gravatar.com\/avatar\/53ef4c1ba9c4b41bbf590918000506ea3d08c65bc805b1c3651ee175be1cf0b1?s=96&d=mm&r=g\",\"contentUrl\":\"https:\/\/secure.gravatar.com\/avatar\/53ef4c1ba9c4b41bbf590918000506ea3d08c65bc805b1c3651ee175be1cf0b1?s=96&d=mm&r=g\",\"caption\":\"Eduardo Salinas\"},\"sameAs\":[\"http:\/\/eduardo.salinas@entravision.com\"],\"url\":\"https:\/\/elboton.com\/los-angeles\/author\/eduardosalinas\"}]}<\/script>\n<!-- \/ Yoast SEO plugin. -->","yoast_head_json":{"title":"Inflaci\u00f3n y pol\u00edticas migratorias, Nuevo episodio de Politics con acento - El Bot\u00f3n","robots":{"index":"index","follow":"follow","max-snippet":"max-snippet:-1","max-image-preview":"max-image-preview:large","max-video-preview":"max-video-preview:-1"},"canonical":"https:\/\/elboton.com\/entretenimiento\/inflacion-y-politicas-migratorias-nuevo-episodio-de-politics-con-acento\/","og_locale":"es_ES","og_type":"article","og_title":"Inflaci\u00f3n y pol\u00edticas migratorias, Nuevo episodio de Politics con acento - El Bot\u00f3n","og_description":"En este episodio de Politics con Acento te mostramos c\u00f3mo los grandes temas del pa\u00eds impactan directamente en la vida diaria: desde la pol\u00edtica en Washington hasta el costo de vivir, formar una familia y salir adelante en Estados Unidos. Analizamos los esc\u00e1ndalos en el Congreso, la guerra en Ucrania, el debate migratorio y nuevas [&hellip;]","og_url":"https:\/\/elboton.com\/entretenimiento\/inflacion-y-politicas-migratorias-nuevo-episodio-de-politics-con-acento\/","og_site_name":"El Bot\u00f3n","article_publisher":"https:\/\/www.facebook.com\/elbotonradio\/","article_published_time":"2026-04-26T18:45:04+00:00","og_image":[{"width":1200,"height":675,"url":"https:\/\/elboton.com\/wp-content\/uploads\/sites\/6\/2023\/10\/SEO-Image-1200x675-1.png","type":"image\/png"}],"author":"Eduardo Salinas","twitter_card":"summary_large_image","twitter_creator":"@elbotonradio","twitter_site":"@elbotonradio","twitter_misc":{"Written by":"Eduardo Salinas","Est. reading time":"1 minuto"},"schema":{"@context":"https:\/\/schema.org","@graph":[{"@type":"Article","@id":"https:\/\/elboton.com\/entretenimiento\/inflacion-y-politicas-migratorias-nuevo-episodio-de-politics-con-acento\/#article","isPartOf":{"@id":"https:\/\/elboton.com\/entretenimiento\/inflacion-y-politicas-migratorias-nuevo-episodio-de-politics-con-acento\/"},"author":{"name":"Eduardo Salinas","@id":"https:\/\/elboton.com\/los-angeles\/#\/schema\/person\/4465cb4584b40dfc04e6d5f1eb9805c0"},"headline":"Inflaci\u00f3n y pol\u00edticas migratorias, Nuevo episodio de Politics con acento","datePublished":"2026-04-26T18:45:04+00:00","mainEntityOfPage":{"@id":"https:\/\/elboton.com\/entretenimiento\/inflacion-y-politicas-migratorias-nuevo-episodio-de-politics-con-acento\/"},"wordCount":142,"publisher":{"@id":"https:\/\/elboton.com\/los-angeles\/#organization"},"image":{"@id":"https:\/\/elboton.com\/entretenimiento\/inflacion-y-politicas-migratorias-nuevo-episodio-de-politics-con-acento\/#primaryimage"},"thumbnailUrl":"https:\/\/elboton.com\/wp-content\/uploads\/sites\/6\/2026\/04\/01_NINOS-DETENIDOS.png","articleSection":["Entretenimiento"],"inLanguage":"es"},{"@type":"WebPage","@id":"https:\/\/elboton.com\/entretenimiento\/inflacion-y-politicas-migratorias-nuevo-episodio-de-politics-con-acento\/","url":"https:\/\/elboton.com\/entretenimiento\/inflacion-y-politicas-migratorias-nuevo-episodio-de-politics-con-acento\/","name":"Inflaci\u00f3n y pol\u00edticas migratorias, Nuevo episodio de Politics con acento - El Bot\u00f3n","isPartOf":{"@id":"https:\/\/elboton.com\/los-angeles\/#website"},"primaryImageOfPage":{"@id":"https:\/\/elboton.com\/entretenimiento\/inflacion-y-politicas-migratorias-nuevo-episodio-de-politics-con-acento\/#primaryimage"},"image":{"@id":"https:\/\/elboton.com\/entretenimiento\/inflacion-y-politicas-migratorias-nuevo-episodio-de-politics-con-acento\/#primaryimage"},"thumbnailUrl":"https:\/\/elboton.com\/wp-content\/uploads\/sites\/6\/2026\/04\/01_NINOS-DETENIDOS.png","datePublished":"2026-04-26T18:45:04+00:00","breadcrumb":{"@id":"https:\/\/elboton.com\/entretenimiento\/inflacion-y-politicas-migratorias-nuevo-episodio-de-politics-con-acento\/#breadcrumb"},"inLanguage":"es","potentialAction":[{"@type":"ReadAction","target":["https:\/\/elboton.com\/entretenimiento\/inflacion-y-politicas-migratorias-nuevo-episodio-de-politics-con-acento\/"]}]},{"@type":"ImageObject","inLanguage":"es","@id":"https:\/\/elboton.com\/entretenimiento\/inflacion-y-politicas-migratorias-nuevo-episodio-de-politics-con-acento\/#primaryimage","url":"https:\/\/elboton.com\/wp-content\/uploads\/sites\/6\/2026\/04\/01_NINOS-DETENIDOS.png","contentUrl":"https:\/\/elboton.com\/wp-content\/uploads\/sites\/6\/2026\/04\/01_NINOS-DETENIDOS.png","width":1920,"height":1080},{"@type":"BreadcrumbList","@id":"https:\/\/elboton.com\/entretenimiento\/inflacion-y-politicas-migratorias-nuevo-episodio-de-politics-con-acento\/#breadcrumb","itemListElement":[{"@type":"ListItem","position":1,"name":"Home","item":"https:\/\/elboton.com\/los-angeles\/"},{"@type":"ListItem","position":2,"name":"Inflaci\u00f3n y pol\u00edticas migratorias, Nuevo episodio de Politics con acento"}]},{"@type":"WebSite","@id":"https:\/\/elboton.com\/los-angeles\/#website","url":"https:\/\/elboton.com\/los-angeles\/","name":"El Bot\u00f3n","description":"Toda la m\u00fasica latina y los mejores podcasts en espa\u00f1ol.","publisher":{"@id":"https:\/\/elboton.com\/los-angeles\/#organization"},"potentialAction":[{"@type":"SearchAction","target":{"@type":"EntryPoint","urlTemplate":"https:\/\/elboton.com\/los-angeles\/?s={search_term_string}"},"query-input":{"@type":"PropertyValueSpecification","valueRequired":true,"valueName":"search_term_string"}}],"inLanguage":"es"},{"@type":"Organization","@id":"https:\/\/elboton.com\/los-angeles\/#organization","name":"Entravision","url":"https:\/\/elboton.com\/los-angeles\/","logo":{"@type":"ImageObject","inLanguage":"es","@id":"https:\/\/elboton.com\/los-angeles\/#\/schema\/logo\/image\/","url":"https:\/\/elboton.com\/wp-content\/uploads\/sites\/6\/2023\/10\/evc-e.png","contentUrl":"https:\/\/elboton.com\/wp-content\/uploads\/sites\/6\/2023\/10\/evc-e.png","width":255,"height":208,"caption":"Entravision"},"image":{"@id":"https:\/\/elboton.com\/los-angeles\/#\/schema\/logo\/image\/"},"sameAs":["https:\/\/www.facebook.com\/elbotonradio\/","https:\/\/x.com\/elbotonradio","https:\/\/www.tiktok.com\/@elbotonmusica?lang=es","https:\/\/www.instagram.com\/elbotonradio\/"]},{"@type":"Person","@id":"https:\/\/elboton.com\/los-angeles\/#\/schema\/person\/4465cb4584b40dfc04e6d5f1eb9805c0","name":"Eduardo Salinas","image":{"@type":"ImageObject","inLanguage":"es","@id":"https:\/\/elboton.com\/los-angeles\/#\/schema\/person\/image\/","url":"https:\/\/secure.gravatar.com\/avatar\/53ef4c1ba9c4b41bbf590918000506ea3d08c65bc805b1c3651ee175be1cf0b1?s=96&d=mm&r=g","contentUrl":"https:\/\/secure.gravatar.com\/avatar\/53ef4c1ba9c4b41bbf590918000506ea3d08c65bc805b1c3651ee175be1cf0b1?s=96&d=mm&r=g","caption":"Eduardo Salinas"},"sameAs":["http:\/\/eduardo.salinas@entravision.com"],"url":"https:\/\/elboton.com\/los-angeles\/author\/eduardosalinas"}]}},"parsely":{"version":"1.1.0","canonical_url":"https:\/\/elboton.com\/los-angeles\/entretenimiento\/inflacion-y-politicas-migratorias-nuevo-episodio-de-politics-con-acento\/","smart_links":{"inbound":0,"outbound":0},"traffic_boost_suggestions_count":0,"meta":{"@context":"https:\/\/schema.org","@type":"NewsArticle","headline":"Inflaci\u00f3n y pol\u00edticas migratorias, Nuevo episodio de Politics con acento","url":"http:\/\/elboton.com\/los-angeles\/entretenimiento\/inflacion-y-politicas-migratorias-nuevo-episodio-de-politics-con-acento\/","mainEntityOfPage":{"@type":"WebPage","@id":"http:\/\/elboton.com\/los-angeles\/entretenimiento\/inflacion-y-politicas-migratorias-nuevo-episodio-de-politics-con-acento\/"},"thumbnailUrl":"https:\/\/elboton.com\/wp-content\/uploads\/sites\/6\/2026\/04\/01_NINOS-DETENIDOS.png?w=150&h=150&crop=1","image":{"@type":"ImageObject","url":"https:\/\/elboton.com\/wp-content\/uploads\/sites\/6\/2026\/04\/01_NINOS-DETENIDOS.png"},"articleSection":"Entretenimiento","author":[{"@type":"Person","name":"Eduardo Salinas"}],"creator":["Eduardo Salinas"],"publisher":{"@type":"Organization","name":"El Bot\u00f3n","logo":""},"keywords":[],"dateCreated":"2026-04-26T18:45:04Z","datePublished":"2026-04-26T18:45:04Z","dateModified":"2026-04-26T18:45:04Z"},"rendered":"<script type=\"application\/ld+json\" class=\"wp-parsely-metadata\">{\"@context\":\"https:\\\/\\\/schema.org\",\"@type\":\"NewsArticle\",\"headline\":\"Inflaci\\u00f3n y pol\\u00edticas migratorias, Nuevo episodio de Politics con acento\",\"url\":\"http:\\\/\\\/elboton.com\\\/los-angeles\\\/entretenimiento\\\/inflacion-y-politicas-migratorias-nuevo-episodio-de-politics-con-acento\\\/\",\"mainEntityOfPage\":{\"@type\":\"WebPage\",\"@id\":\"http:\\\/\\\/elboton.com\\\/los-angeles\\\/entretenimiento\\\/inflacion-y-politicas-migratorias-nuevo-episodio-de-politics-con-acento\\\/\"},\"thumbnailUrl\":\"https:\\\/\\\/elboton.com\\\/wp-content\\\/uploads\\\/sites\\\/6\\\/2026\\\/04\\\/01_NINOS-DETENIDOS.png?w=150&h=150&crop=1\",\"image\":{\"@type\":\"ImageObject\",\"url\":\"https:\\\/\\\/elboton.com\\\/wp-content\\\/uploads\\\/sites\\\/6\\\/2026\\\/04\\\/01_NINOS-DETENIDOS.png\"},\"articleSection\":\"Entretenimiento\",\"author\":[{\"@type\":\"Person\",\"name\":\"Eduardo Salinas\"}],\"creator\":[\"Eduardo Salinas\"],\"publisher\":{\"@type\":\"Organization\",\"name\":\"El Bot\\u00f3n\",\"logo\":\"\"},\"keywords\":[],\"dateCreated\":\"2026-04-26T18:45:04Z\",\"datePublished\":\"2026-04-26T18:45:04Z\",\"dateModified\":\"2026-04-26T18:45:04Z\"}<\/script>","tracker_url":"https:\/\/cdn.parsely.com\/keys\/elboton.com\/p.js"},"jetpack_publicize_connections":[],"jetpack_featured_media_url":"https:\/\/elboton.com\/wp-content\/uploads\/sites\/6\/2026\/04\/01_NINOS-DETENIDOS.png","jetpack_sharing_enabled":true,"_links":{"self":[{"href":"https:\/\/elboton.com\/los-angeles\/wp-json\/wp\/v2\/posts\/1352326","targetHints":{"allow":["GET"]}}],"collection":[{"href":"https:\/\/elboton.com\/los-angeles\/wp-json\/wp\/v2\/posts"}],"about":[{"href":"https:\/\/elboton.com\/los-angeles\/wp-json\/wp\/v2\/types\/post"}],"author":[{"embeddable":true,"href":"https:\/\/elboton.com\/los-angeles\/wp-json\/wp\/v2\/users\/195803851"}],"replies":[{"embeddable":true,"href":"https:\/\/elboton.com\/los-angeles\/wp-json\/wp\/v2\/comments?post=1352326"}],"version-history":[{"count":1,"href":"https:\/\/elboton.com\/los-angeles\/wp-json\/wp\/v2\/posts\/1352326\/revisions"}],"predecessor-version":[{"id":1352328,"href":"https:\/\/elboton.com\/los-angeles\/wp-json\/wp\/v2\/posts\/1352326\/revisions\/1352328"}],"wp:featuredmedia":[{"embeddable":true,"href":"https:\/\/elboton.com\/los-angeles\/wp-json\/wp\/v2\/media\/1352327"}],"wp:attachment":[{"href":"https:\/\/elboton.com\/los-angeles\/wp-json\/wp\/v2\/media?parent=1352326"}],"wp:term":[{"taxonomy":"category","embeddable":true,"href":"https:\/\/elboton.com\/los-angeles\/wp-json\/wp\/v2\/categories?post=1352326"},{"taxonomy":"post_tag","embeddable":true,"href":"https:\/\/elboton.com\/los-angeles\/wp-json\/wp\/v2\/tags?post=1352326"},{"taxonomy":"genre","embeddable":true,"href":"https:\/\/elboton.com\/los-angeles\/wp-json\/wp\/v2\/genre?post=1352326"},{"taxonomy":"internal","embeddable":true,"href":"https:\/\/elboton.com\/los-angeles\/wp-json\/wp\/v2\/internal?post=1352326"}],"curies":[{"name":"wp","href":"https:\/\/api.w.org\/{rel}","templated":true}]}}